{"id":1518115,"date":"2023-10-10T10:41:54","date_gmt":"2023-10-10T08:41:54","guid":{"rendered":"https:\/\/laboklin.com\/colour-dilution-alopecia-cda\/"},"modified":"2024-09-09T09:37:10","modified_gmt":"2024-09-09T07:37:10","slug":"alopecia-da-diluizione-del-colore","status":"publish","type":"post","link":"https:\/\/laboklin.com\/it\/alopecia-da-diluizione-del-colore\/","title":{"rendered":"Alopecia da diluizione del colore"},"content":{"rendered":"<div class=\"wpb-content-wrapper\"><p>[vc_row][vc_column width=&#8221;2\/3&#8243;][vc_column_text css=&#8221;&#8221;]L\u2019alopecia nei cani pu\u00f2 avere molte cause. Potrebbe esserci alopecia secondaria al grattarsi, leccarsi o strapparsi il pelo nei cani con prurito.<\/p>\n<p>Esistono anche numerose cause non infiammatorie di caduta del pelo:<\/p>\n<ul>\n<li>difetti genetici congeniti o acquisiti: alopecia congenita, ipotricosi, displasie follicolari (ad es. alopecia da diluizione del colore), alopecia X e calvizie<\/li>\n<li>interruzione del ciclo pilifero: come osservato nelle endocrinopatie, nell&#8217;effluvio anagen e telogen e nell&#8217;alopecia post-clipping<\/li>\n<li>infiammazione clinicamente non riconoscibile, ma comunque di origine infiammatoria: alopecia areata, dermatopatia\/vasculite ischemica, alopecia cicatriziale, alopecia da trazione.<\/li>\n<\/ul>\n<p>Una di queste malattie, l\u2019alopecia da diluizione del colore (CDA), nota anche come sindrome del cane blu o del doberman blu, sta diventando sempre pi\u00f9 rilevante.<\/p>\n<p>Gli allevatori di cani hanno notato che determinati colori del mantello sono molto apprezzati dai proprietari di cani, anche se sono considerati indesiderabili secondo lo standard della F\u00e9d\u00e9ration Cynologique Internationale (FCI) per la razza in questione. I club cinofili associati alla FCI classificano generalmente questi colori come fuori colore, motivo per cui vengono allevati al di fuori di queste associazioni. Sono sempre pi\u00f9 colpiti i Labrador Retriever (charcoal e silver, Fig. 1), i Bulldog francesi (blu), cos\u00ec come i Chihuahua, i Prager Rattlers e gli American Staffordshire Terrier (Fig. 2). Per gli ultimi tre la diluizione del colore \u00e8 riconosciuta secondo lo standard di razza FCI. La maggior parte degli acquirenti di cuccioli non sa che proprio questi colori del mantello possono spesso portare il cane dal veterinario nel corso della sua vita.<\/p>\n<p>Il blu (charcoal) e il lilla (argento) si basano su una diluizione del colore spesso associata all&#8217;alopecia da diluizione del colore. Questa condizione provoca un&#8217;alopecia progressiva dovuta ad un&#8217;alterazione nella formazione e nell&#8217;immagazzinamento dei pigmenti nei peli. \u00c8 causata da una variante genetica del gene diluito. Diluito significa &#8220;attenuato&#8221; e si riferisce allo schiarimento del pigmento nero in blu o del pigmento marrone in lilla. L&#8217;alterata rifrazione della luce determina una tonalit\u00e0 di colore attenuata (diluita) (il nero diventa blu, il marrone diventa lilla).<\/p>\n<p>Classicamente, la CDA \u00e8 particolarmente nota nel Doberman blu.<\/p>\n<p><strong>Segni clinici: <\/strong>i primi segni clinici della CDA possono apparire come orecchie e code scarsamente pelose, il mantello complessivo pu\u00f2 anche apparire pi\u00f9 sottile del normale per la razza. A pochi mesi di et\u00e0, la CDA pu\u00f2 manifestarsi come alopecia progressiva del tronco. Una ridotta densit\u00e0 del pelo o ipotricosi si osserva pi\u00f9 comunemente nei cuccioli (3-12 mesi di et\u00e0) di razze predisposte. Tuttavia, ci sono casi in cui l&#8217;alopecia si manifesta pi\u00f9 tardi nella vita. L\u2019alopecia progredisce con l\u2019et\u00e0.<\/p>\n<p>Quasi patognomonica \u00e8 l&#8217;alopecia di aree di colore diluito adiacenti ad aree pelose con pelo bianco o pigmentato con feomelanina (pigmento giallastro). I cani con CDA sono inclini a secondarie infezioni batteriche (follicolite e foruncolosi batterica, Fig. 6). Questi cani spesso soffrono di infezioni cutanee ricorrenti nel corso della loro vita.<\/p>\n<p><strong>Patogenesi: <\/strong>la CDA \u00e8 associata all&#8217;attenuazione del colore dovuta a una variante genetica recessiva del gene MLPH. Questa variante nel genotipo omozigote (d\/d) porta ad un difetto nel trasporto dei melanosomi dal centro della cellula alla periferia, con conseguente aggregazione dei granuli di melanina (Fig. 4 e 5). Il risultato \u00e8 una struttura a pilastri difettosa, che provoca la facile rottura dei peli.<\/p>\n<p><strong>Diagnosi: <\/strong>la diagnosi di CDA si basa su una combinazione di quadro clinico (alopecia), esame microscopico dei peli e istopatologia. La tricografia mostra la presenza di melanosomi giganti (grappoli di melanina) nella corteccia del fusto del pelo, con difetti e fratture della cuticola.<\/p>\n<p>I reperti istopatologici comprendono ipercheratosi e cheratosi infundibolare con possibili accumuli di melanina nell&#8217;epidermide; incontinenza pigmentata con presenza di melanofagi perifollicolari e peribulbari; follicoli piliferi displastici e fusti con pigmentazione irregolare e depositi di melanina a tutti i livelli del follicolo pilifero, compreso il bulbo (Fig. 4).<\/p>\n<p><strong>Trattamento: <\/strong>la CDA non pu\u00f2 essere curata, ma la condizione pu\u00f2 essere migliorata controllando le infezioni secondarie.<br \/>\nL&#8217;integrazione di acidi grassi pu\u00f2 migliorare il mantello ma non influenza la crescita del pelo. In alcuni casi, la melatonina pu\u00f2 stimolare la crescita del manteello, ma solitamente solo per la durata del trattamento.<\/p>\n<p>I potenziali rischi devono essere valutati prima della somministrazione, soprattutto se l&#8217;animale non ha raggiunto la maturit\u00e0 sessuale, nelle cagne in gravidanza e in allattamento e nei pazienti con malattie epatiche e renali. I cani affetti da CDA non dovrebbero essere utilizzati per la riproduzione.<\/p>\n<p><strong>Test genetici: <\/strong>sembra esserci un rischio specifico per la razza di CDA, poich\u00e9 non tutti i cani di colore diluito sviluppano alopecia. Il Weimaraner tedesco allevato classicamente \u00e8 esclusivamente marrone diluito (lilla) e la CDA non sembra influenzare queste linee di allevamento. Lo stesso vale per il colore blu dell&#8217;alano.<\/p>\n<p>Nel Doberman, tuttavia, la percentuale di colori diluiti con alopecia era cos\u00ec alta che il colore blu fu rimosso dallo standard di razza FCI.<\/p>\n<p>I test genetici non possono prevedere se si svilupper\u00e0 un cane dal colore diluito con CDA. Esistono test genetici per le tre varianti testabili dell&#8217;allele d (d1, d2 e d3). Tuttavia, nessun test genetico \u00e8 ancora in grado di distinguere tra &#8220;colore diluito senza CDA&#8221; e &#8220;colore diluito con CDA&#8221;. Si sospettano altre varianti ma non sono state ancora identificate.<br \/>\nLa wild type di D(N) \u00e8 dominante, il che significa che tutti i cani con un allele D(N) dominante avranno fenotipicamente un colore del mantello non diluito. Tuttavia, l&#8217;accoppiamento di due cani con il genotipo D\/d (N\/d) pu\u00f2 dare come risultato una prole con il genotipo d\/d. Questi avranno un colore del mantello diluito perch\u00e9 non producono granuli di pigmento regolari ma pi\u00f9 piccoli e raggruppati. Per gli allevatori di razze affette da CDA \u00e8 essenziale utilizzare i test genetici per identificare i portatori dell&#8217;allele d nei genitori.<br \/>\nAttualmente la CDA pu\u00f2 essere diagnosticata solo istologicamente mediante biopsia cutanea.<\/p>\n<p style=\"text-align: right;\"><em>Dott.sse Barbara Gruber, Anna Laukner<\/em><\/p>\n<p>[\/vc_column_text][\/vc_column][vc_column width=&#8221;1\/3&#8243;][vc_column_text css=&#8221;&#8221;]<\/p>\n\n\t\t\t<style type='text\/css'>\n\t\t\t\t#gallery-1 {\n\t\t\t\t\tmargin: auto;\n\t\t\t\t}\n\t\t\t\t#gallery-1 .gallery-item {\n\t\t\t\t\tfloat: left;\n\t\t\t\t\tmargin-top: 10px;\n\t\t\t\t\ttext-align: center;\n\t\t\t\t\twidth: 100%;\n\t\t\t\t}\n\t\t\t\t#gallery-1 img {\n\t\t\t\t\tborder: 2px solid #cfcfcf;\n\t\t\t\t}\n\t\t\t\t#gallery-1 .gallery-caption {\n\t\t\t\t\tmargin-left: 0;\n\t\t\t\t}\n\t\t\t\t\/* see gallery_shortcode() in wp-includes\/media.php *\/\n\t\t\t<\/style>\n\t\t<div id='gallery-1' class='dt-gallery-container gallery galleryid-1518115 gallery-columns-1 gallery-size-large'><dl class='gallery-item'>\n\t\t\t\t<dt class='gallery-icon landscape'>\n\t\t\t\t\t<a class=\"rollover rollover-zoom dt-pswp-item\" title=\"\" data-dt-img-description=\"LABOKLIN Derma | &lt;b&gt;Fig. 1:&lt;\/b&gt; Labrador Retriever Silver &lt;br&gt;&lt;i&gt;Immagine: envatoelements&lt;\/i&gt;\" data-large_image_width=\"1200\" data-large_image_height=\"800\"href='https:\/\/laboklin.com\/wp-content\/uploads\/2023\/12\/Abb.1_envato_pet-portrait-of-new-silver-labrador-puppy-lying-on-2022-11-07-07-32-10-utc.jpg'><img loading=\"lazy\" decoding=\"async\" width=\"1024\" height=\"683\" src=\"https:\/\/laboklin.com\/wp-content\/uploads\/2023\/12\/Abb.1_envato_pet-portrait-of-new-silver-labrador-puppy-lying-on-2022-11-07-07-32-10-utc-1024x683.jpg\" class=\"attachment-large size-large\" alt=\"Silver Labrador Retriever\" aria-describedby=\"gallery-1-1473827\" srcset=\"https:\/\/laboklin.com\/wp-content\/uploads\/2023\/12\/Abb.1_envato_pet-portrait-of-new-silver-labrador-puppy-lying-on-2022-11-07-07-32-10-utc-1024x683.jpg 1024w, https:\/\/laboklin.com\/wp-content\/uploads\/2023\/12\/Abb.1_envato_pet-portrait-of-new-silver-labrador-puppy-lying-on-2022-11-07-07-32-10-utc-300x200.jpg 300w, https:\/\/laboklin.com\/wp-content\/uploads\/2023\/12\/Abb.1_envato_pet-portrait-of-new-silver-labrador-puppy-lying-on-2022-11-07-07-32-10-utc-768x512.jpg 768w, https:\/\/laboklin.com\/wp-content\/uploads\/2023\/12\/Abb.1_envato_pet-portrait-of-new-silver-labrador-puppy-lying-on-2022-11-07-07-32-10-utc.jpg 1200w\" sizes=\"auto, (max-width: 1024px) 100vw, 1024px\" \/><\/a>\n\t\t\t\t<\/dt>\n\t\t\t\t\t<dd class='wp-caption-text gallery-caption' id='gallery-1-1473827'>\n\t\t\t\t\t<b>Fig. 1:<\/b> Labrador Retriever Silver <br><i>Immagine: envatoelements<\/i>\n\t\t\t\t\t<\/dd><\/dl><br style=\"clear: both\" \/><dl class='gallery-item'>\n\t\t\t\t<dt class='gallery-icon landscape'>\n\t\t\t\t\t<a class=\"rollover rollover-zoom dt-pswp-item\" title=\"\" data-dt-img-description=\"LABOKLIN Derma | &lt;b&gt;Fig. 2:&lt;\/b&gt; Blue Staffordshire Terrier\t&lt;br&gt;&lt;i&gt;Immagine: Shutterstock&lt;\/i&gt;\" data-large_image_width=\"1000\" data-large_image_height=\"667\"href='https:\/\/laboklin.com\/wp-content\/uploads\/2023\/12\/Abb.jpg'><img loading=\"lazy\" decoding=\"async\" width=\"1000\" height=\"667\" src=\"https:\/\/laboklin.com\/wp-content\/uploads\/2023\/12\/Abb.jpg\" class=\"attachment-large size-large\" alt=\"Blue Staffordshire Terrier\" aria-describedby=\"gallery-1-1473844\" srcset=\"https:\/\/laboklin.com\/wp-content\/uploads\/2023\/12\/Abb.jpg 1000w, https:\/\/laboklin.com\/wp-content\/uploads\/2023\/12\/Abb-300x200.jpg 300w, https:\/\/laboklin.com\/wp-content\/uploads\/2023\/12\/Abb-768x512.jpg 768w\" sizes=\"auto, (max-width: 1000px) 100vw, 1000px\" \/><\/a>\n\t\t\t\t<\/dt>\n\t\t\t\t\t<dd class='wp-caption-text gallery-caption' id='gallery-1-1473844'>\n\t\t\t\t\t<b>Fig. 2:<\/b> Blue Staffordshire Terrier\t<br><i>Immagine: Shutterstock<\/i>\n\t\t\t\t\t<\/dd><\/dl><br style=\"clear: both\" \/><dl class='gallery-item'>\n\t\t\t\t<dt class='gallery-icon portrait'>\n\t\t\t\t\t<a class=\"rollover rollover-zoom dt-pswp-item\" title=\"\" data-dt-img-description=\"LABOKLIN Derma | &lt;b&gt;Fig. 3:&lt;\/b&gt; Paziente con CDA, Labrador Retriever Silver &lt;br&gt;&lt;i&gt;Immagine: Dott.ssa Anna Laukner&lt;\/i&gt;\" data-large_image_width=\"1200\" data-large_image_height=\"1801\"href='https:\/\/laboklin.com\/wp-content\/uploads\/2023\/12\/Abb3-1.jpg'><img loading=\"lazy\" decoding=\"async\" width=\"682\" height=\"1024\" src=\"https:\/\/laboklin.com\/wp-content\/uploads\/2023\/12\/Abb3-1-682x1024.jpg\" class=\"attachment-large size-large\" alt=\"Paziente con CDA, Labrador Retriever Silver\" aria-describedby=\"gallery-1-1473931\" srcset=\"https:\/\/laboklin.com\/wp-content\/uploads\/2023\/12\/Abb3-1-682x1024.jpg 682w, https:\/\/laboklin.com\/wp-content\/uploads\/2023\/12\/Abb3-1-200x300.jpg 200w, https:\/\/laboklin.com\/wp-content\/uploads\/2023\/12\/Abb3-1-768x1153.jpg 768w, https:\/\/laboklin.com\/wp-content\/uploads\/2023\/12\/Abb3-1-1023x1536.jpg 1023w, https:\/\/laboklin.com\/wp-content\/uploads\/2023\/12\/Abb3-1.jpg 1200w\" sizes=\"auto, (max-width: 682px) 100vw, 682px\" \/><\/a>\n\t\t\t\t<\/dt>\n\t\t\t\t\t<dd class='wp-caption-text gallery-caption' id='gallery-1-1473931'>\n\t\t\t\t\t<b>Fig. 3:<\/b> Paziente con CDA, Labrador Retriever Silver <br><i>Immagine: Dott.ssa Anna Laukner<\/i>\n\t\t\t\t\t<\/dd><\/dl><br style=\"clear: both\" \/><dl class='gallery-item'>\n\t\t\t\t<dt class='gallery-icon landscape'>\n\t\t\t\t\t<a class=\"rollover rollover-zoom dt-pswp-item\" title=\"\" data-dt-img-description=\"LABOKLIN Derma | &lt;b&gt;Fig. 4:&lt;\/b&gt; Istologia di CDA, colorazione HE, follicoli con grappoli di melanina intra e extrafollicolari. Bassotto di 3 anni &lt;br&gt;&lt;i&gt;Immagine: Laboklin&lt;\/i&gt;\" data-large_image_width=\"1049\" data-large_image_height=\"825\"href='https:\/\/laboklin.com\/wp-content\/uploads\/2023\/12\/Abb4.jpg'><img loading=\"lazy\" decoding=\"async\" width=\"1024\" height=\"805\" src=\"https:\/\/laboklin.com\/wp-content\/uploads\/2023\/12\/Abb4-1024x805.jpg\" class=\"attachment-large size-large\" alt=\"Istologia di CDA, colorazione HE, follicoli con grappoli di melanina intra e extrafollicolari. Bassotto di 3 anni\" aria-describedby=\"gallery-1-1473878\" srcset=\"https:\/\/laboklin.com\/wp-content\/uploads\/2023\/12\/Abb4-1024x805.jpg 1024w, https:\/\/laboklin.com\/wp-content\/uploads\/2023\/12\/Abb4-300x236.jpg 300w, https:\/\/laboklin.com\/wp-content\/uploads\/2023\/12\/Abb4-768x604.jpg 768w, https:\/\/laboklin.com\/wp-content\/uploads\/2023\/12\/Abb4.jpg 1049w\" sizes=\"auto, (max-width: 1024px) 100vw, 1024px\" \/><\/a>\n\t\t\t\t<\/dt>\n\t\t\t\t\t<dd class='wp-caption-text gallery-caption' id='gallery-1-1473878'>\n\t\t\t\t\t<b>Fig. 4:<\/b> Istologia di CDA, colorazione HE, follicoli con grappoli di melanina intra e extrafollicolari. Bassotto di 3 anni <br><i>Immagine: Laboklin<\/i>\n\t\t\t\t\t<\/dd><\/dl><br style=\"clear: both\" \/><dl class='gallery-item'>\n\t\t\t\t<dt class='gallery-icon landscape'>\n\t\t\t\t\t<a class=\"rollover rollover-zoom dt-pswp-item\" title=\"\" data-dt-img-description=\"LABOKLIN Derma | &lt;b&gt;Fig. 5:&lt;\/b&gt; Istologia, colorazione HE, pelo nero normalemnte pigmentato. Cane Bernese\n&lt;br&gt;&lt;i&gt;Immagine: Laboklin&lt;\/i&gt;\" data-large_image_width=\"910\" data-large_image_height=\"741\"href='https:\/\/laboklin.com\/wp-content\/uploads\/2023\/12\/Abb5.jpg'><img loading=\"lazy\" decoding=\"async\" width=\"910\" height=\"741\" src=\"https:\/\/laboklin.com\/wp-content\/uploads\/2023\/12\/Abb5.jpg\" class=\"attachment-large size-large\" alt=\"Istologia, colorazione HE, pelo nero normalemnte pigmentato. Cane Bernese\" aria-describedby=\"gallery-1-1473895\" srcset=\"https:\/\/laboklin.com\/wp-content\/uploads\/2023\/12\/Abb5.jpg 910w, https:\/\/laboklin.com\/wp-content\/uploads\/2023\/12\/Abb5-300x244.jpg 300w, https:\/\/laboklin.com\/wp-content\/uploads\/2023\/12\/Abb5-768x625.jpg 768w\" sizes=\"auto, (max-width: 910px) 100vw, 910px\" \/><\/a>\n\t\t\t\t<\/dt>\n\t\t\t\t\t<dd class='wp-caption-text gallery-caption' id='gallery-1-1473895'>\n\t\t\t\t\t<b>Fig. 5:<\/b> Istologia, colorazione HE, pelo nero normalemnte pigmentato. Cane Bernese\n<br><i>Immagine: Laboklin<\/i>\n\t\t\t\t\t<\/dd><\/dl><br style=\"clear: both\" \/><dl class='gallery-item'>\n\t\t\t\t<dt class='gallery-icon portrait'>\n\t\t\t\t\t<a class=\"rollover rollover-zoom dt-pswp-item\" title=\"\" data-dt-img-description=\"LABOKLIN Derma | &lt;b&gt;Fig. 6:&lt;\/b&gt; Istologia di CDA con follicolite e foruncolosi. Colorazione HE. Weimaraner blu di 2 anni &lt;br&gt;&lt;i&gt;Immagine: Laboklin&lt;\/i&gt;\" data-large_image_width=\"640\" data-large_image_height=\"822\"href='https:\/\/laboklin.com\/wp-content\/uploads\/2023\/12\/Abb6.jpg'><img loading=\"lazy\" decoding=\"async\" width=\"640\" height=\"822\" src=\"https:\/\/laboklin.com\/wp-content\/uploads\/2023\/12\/Abb6.jpg\" class=\"attachment-large size-large\" alt=\"Istologia di CDA con follicolite e foruncolosi. Colorazione HE. Weimaraner blu di 2 anni\" aria-describedby=\"gallery-1-1473912\" srcset=\"https:\/\/laboklin.com\/wp-content\/uploads\/2023\/12\/Abb6.jpg 640w, https:\/\/laboklin.com\/wp-content\/uploads\/2023\/12\/Abb6-234x300.jpg 234w\" sizes=\"auto, (max-width: 640px) 100vw, 640px\" \/><\/a>\n\t\t\t\t<\/dt>\n\t\t\t\t\t<dd class='wp-caption-text gallery-caption' id='gallery-1-1473912'>\n\t\t\t\t\t<b>Fig. 6:<\/b> Istologia di CDA con follicolite e foruncolosi. Colorazione HE. Weimaraner blu di 2 anni <br><i>Immagine: Laboklin<\/i>\n\t\t\t\t\t<\/dd><\/dl><br style=\"clear: both\" \/>\n\t\t\t<\/div>\n\n<p>[\/vc_column_text][\/vc_column][\/vc_row][vc_row][vc_column css=&#8221;.vc_custom_1702463872261{margin-top: 10px !important;}&#8221;][vc_column_text css=&#8221;&#8221;]<\/p>\n<blockquote><p><strong>Possibilit\u00e0 diagnostiche per il rilevamento di diluizione:<\/strong><\/p>\n<ul>\n<li><span style=\"color: #000000;\">D-locus d1<\/span><\/li>\n<li><span style=\"color: #000000;\">Varianti rare del locus D (d2, d3)<\/span><\/li>\n<\/ul>\n<p><strong>Opzioni diagnostiche per il rilevamento di CDA<\/strong><\/p>\n<ul>\n<li><span style=\"color: #000000;\">Esame istopatologico di una biopsia cutanea<\/span><\/li>\n<\/ul>\n<\/blockquote>\n<p>[\/vc_column_text][\/vc_column][\/vc_row][vc_row type=&#8221;vc_default&#8221; gap=&#8221;10&#8243; css=&#8221;.vc_custom_1702463878658{margin-top: 30px !important;}&#8221;][vc_column width=&#8221;1\/2&#8243;][vc_column_text css=&#8221;&#8221;]<\/p>\n<h5><strong>Approfondimenti<\/strong><\/h5>\n<h6><span style=\"color: #808080;\"><strong>Laukner A. Gesundheitsrelevante Fellfarben beim Hund Teil 2. Kleintier- medizin 2\/2021, 46 \u2013 50<\/strong><\/span><\/h6>\n<h6><span style=\"color: #808080;\"><strong>Lorente C. Differentialdiagnosen der nicht-entz\u00fcndlichen Alopezie beim Hund. Laboklin aktuell Ausgabe 05\/2022<\/strong><\/span><\/h6>\n<h6><span style=\"color: #808080;\"><strong>Mecklenburg L. An overview on congenital alopecia in domestic animals. Vet Dermatol. 2006 Dec;17(6):393-410. doi: 10.1111\/j.1365- 3164.2006.00544.x.<\/strong><\/span><\/h6>\n<p>[\/vc_column_text][\/vc_column][vc_column width=&#8221;1\/2&#8243;][vc_row_inner equal_height=&#8221;yes&#8221; content_placement=&#8221;middle&#8221; gap=&#8221;10&#8243;][vc_column_inner width=&#8221;1\/4&#8243; css=&#8221;.vc_custom_1725867149802{background-color: #e7e7e7 !important;}&#8221;][vc_icon icon_fontawesome=&#8221;fas fa-file-pdf&#8221; color=&#8221;custom&#8221; size=&#8221;xl&#8221; align=&#8221;center&#8221; css=&#8221;.vc_custom_1725442532005{margin-top: 10px !important;margin-bottom: 10px !important;padding-top: 20px !important;padding-bottom: 20px !important;}&#8221; custom_color=&#8221;#e51e1e&#8221; link=&#8221;url:https%3A%2F%2Flaboklin.com%2Fwp-content%2Fuploads%2F2024%2F09%2F2024_02_Alopecia-da-diluizione-del-colore.pdf|target:_blank&#8221;][\/vc_column_inner][vc_column_inner width=&#8221;3\/4&#8243; css=&#8221;.vc_custom_1725442521923{background-color: #e7e7e7 !important;}&#8221;][vc_column_text css=&#8221;.vc_custom_1725442541450{margin-top: 10px !important;margin-bottom: 10px !important;padding-top: 20px !important;padding-bottom: 20px !important;}&#8221;]<a href=\"https:\/\/laboklin.com\/wp-content\/uploads\/2024\/09\/2024_02_Alopecia-da-diluizione-del-colore.pdf\" target=\"_blank\" rel=\"noopener\"><strong>Alopecia da diluizione del colore<\/strong><\/a>[\/vc_column_text][\/vc_column_inner][\/vc_row_inner][\/vc_column][\/vc_row]<\/p>\n<\/div>","protected":false},"excerpt":{"rendered":"<p>L\u2019alopecia nei cani pu\u00f2 avere molte cause. Potrebbe esserci alopecia secondaria al grattarsi, leccarsi o strapparsi il pelo nei cani con prurito.<\/p>\n","protected":false},"author":30,"featured_media":1473827,"comment_status":"closed","ping_status":"closed","sticky":false,"template":"","format":"standard","meta":{"_seopress_robots_primary_cat":"none","_seopress_titles_title":"%%post_title%%","_seopress_titles_desc":"%%post_content%%","_seopress_robots_index":"","footnotes":""},"categories":[462],"tags":[],"table_tags":[],"class_list":["post-1518115","post","type-post","status-publish","format-standard","has-post-thumbnail","hentry","category-aggiornamenti-laboklin-dermatologia","category-462","description-off"],"_links":{"self":[{"href":"https:\/\/laboklin.com\/it\/wp-json\/wp\/v2\/posts\/1518115","targetHints":{"allow":["GET"]}}],"collection":[{"href":"https:\/\/laboklin.com\/it\/wp-json\/wp\/v2\/posts"}],"about":[{"href":"https:\/\/laboklin.com\/it\/wp-json\/wp\/v2\/types\/post"}],"author":[{"embeddable":true,"href":"https:\/\/laboklin.com\/it\/wp-json\/wp\/v2\/users\/30"}],"replies":[{"embeddable":true,"href":"https:\/\/laboklin.com\/it\/wp-json\/wp\/v2\/comments?post=1518115"}],"version-history":[{"count":5,"href":"https:\/\/laboklin.com\/it\/wp-json\/wp\/v2\/posts\/1518115\/revisions"}],"predecessor-version":[{"id":1518377,"href":"https:\/\/laboklin.com\/it\/wp-json\/wp\/v2\/posts\/1518115\/revisions\/1518377"}],"wp:featuredmedia":[{"embeddable":true,"href":"https:\/\/laboklin.com\/it\/wp-json\/wp\/v2\/media\/1473827"}],"wp:attachment":[{"href":"https:\/\/laboklin.com\/it\/wp-json\/wp\/v2\/media?parent=1518115"}],"wp:term":[{"taxonomy":"category","embeddable":true,"href":"https:\/\/laboklin.com\/it\/wp-json\/wp\/v2\/categories?post=1518115"},{"taxonomy":"post_tag","embeddable":true,"href":"https:\/\/laboklin.com\/it\/wp-json\/wp\/v2\/tags?post=1518115"},{"taxonomy":"table_tags","embeddable":true,"href":"https:\/\/laboklin.com\/it\/wp-json\/wp\/v2\/table_tags?post=1518115"}],"curies":[{"name":"wp","href":"https:\/\/api.w.org\/{rel}","templated":true}]}}