{"id":1457597,"date":"2022-10-17T14:44:35","date_gmt":"2022-10-17T12:44:35","guid":{"rendered":"https:\/\/staging-wp-int.laboklin.com\/?p=1457597"},"modified":"2024-09-09T09:54:30","modified_gmt":"2024-09-09T07:54:30","slug":"diagnosi-differenziale-di-alopecia-non-infiammatoria-nel-cane","status":"publish","type":"post","link":"https:\/\/laboklin.com\/it\/diagnosi-differenziale-di-alopecia-non-infiammatoria-nel-cane\/","title":{"rendered":"Diagnosi differenziale di alopecia non infiammatoria nel cane"},"content":{"rendered":"<div class=\"wpb-content-wrapper\"><p>[vc_row][vc_column width=&#8221;2\/3&#8243;][vc_column_text]Clinicamente, l&#8217;alopecia non infiammatoria \u00e8 l\u2019assenza di pelo senza altre lesioni cutanee. Esistono vari meccanismi di alopecia non infiammatoria:<\/p>\n<ol>\n<li>arresto del ciclo follicolare nelle malattie endocrine, telogen effluvium, anagen defluxion, alopecia post clipping. Di solito inducono alopecia parziale o completa con distribuzione simmetrica, generalizzata o regionale.<\/li>\n<li>difetti genetici congeniti o acquisiti: alopecia congenita (fig.1), displasie e distrofie follicolari, alopecia X, calvizie a pattern (fig. 2). L\u2019 alopecia \u00e8 parziale o completa con distribuzione regionale o generalizzata.<\/li>\n<li>di origine infiammatoria ma clinicamente non infiammatoria: alopecia areata, vasculite post-iniezione, alopecia cicatriziale, alopecia da trazione. Di solito comporta alopecia focale o multifocale completa.<\/li>\n<\/ol>\n<h3>Alopecia per arresto del ciclo follicolare<\/h3>\n<p>Il pelo viene prodotto nella fase anagena. La fase telogena \u00e8 una fase di riposo, durante la quale il pelo rimane nel follicolo pilifero fino a quando il follicolo non entra nella fase anagena e sintetizza un nuovo pelo che spinge fuori i peli &#8220;vecchi&#8221;, producendone la caduta (i vecchi peli vengono sostituiti dai nuovi). Se non c&#8217;\u00e8 attivazione del ciclo del follicolo pilifero, i vecchi peli cadono nel tempo, producendo alopecia.<\/p>\n<p><strong>Alopecia post-clipping:<\/strong> si verifica nel pelo per esempio delle razze nordiche, il cui ciclo ha fasi catagen e telogen molto lunghe e l\u2019attivazione della fase anagen pu\u00f2 richiedere fino a un anno. Se la rasatura viene effettuata durante la fase di inattivit\u00e0 follicolare, i peli possono ritardare la comparsa anche di mesi. La biopsia conferma la diagnosi escludendo altri processi.<\/p>\n<p><strong><u>Malattie endocrine<\/u><\/strong><\/p>\n<p>Un difetto o un eccesso di alcuni ormoni, inibiscono o impediscono l&#8217;attivazione della fase anagen. I primi segni dermatologici sono la presenza di peli secchi, spenti, scoloriti, che cadono facilmente, portando ad alopecia progressiva (fig.3). L\u2019alopecia inizia nelle aree con maggiore attrito, come il collo, le aree di pressione, i fianchi o le cosce e progredisce in altre aree del tronco. Di solito non vengono colpiti la testa o gli arti. La pelle \u00e8 generalmente iperpigmentata e sono comuni comedoni, seborrea e infezioni secondarie.<br \/>\nLa biopsia suggerisce un\u2019endocrinopatia ma non pu\u00f2 distinguere tra le diverse malattie endocrine. Le lesioni dermatologiche possono essere i primi segni clinici della malattia, ma sono colpiti anche altri sistemi e organi e, se la patologia non viene diagnosticata, pu\u00f2 produrre seri problemi di salute.<\/p>\n<p><strong>L&#8217;ipotiroidismo<\/strong> \u00e8 la malattia endocrine pi\u00f9 comune nei cani. Gli ormoni tiroidei sono necessari per l&#8217;attivazione del ciclo follicolare. In aggiunta alla caratteristica alopecia progressiva data dai disturbi al sistema endocrino, abbiamo la caduta dei peli della coda (coda di topo) e l\u2019alopecia della canna nasale.<br \/>\nL\u2019accumulo di glicosaminoglicani nel derma porta a mixedema come causa del tragica espressione sul volto. Le frequenti infezioni secondarie sono associato alla barriera cutanea e al sistema immunitario compromessi.<\/p>\n<p>Oltre ai segni dermatologici, ai segni clinici generali, cardiovascolari, oculari, riproduttivi, gastrointestinali, pu\u00f2 verificarsi neuropatia muscolare e periferica. I cambiamenti clinicopatologici comuni sono: anemia normocitica e normocromica, neutropenia, trombocitopenia, ipercolesterolemia e ipertrigliceridemia. La presenza di bassi livelli di ormone tiroideo (TT4) \u00e8 molto comune negli animali malati e pu\u00f2 portare a errori diagnostici. La diagnosi dovrebbe essere basata almeno sulla misura contemporanea di TT4 e TSH. Casi complessi possono richiedere pannelli completi come il profilo tiroideo cane con inclusi T4, fT4, T3, fT3, TSH, tireoglobulina Ab, T4 Ab*, T3 Ab* e\/o il test di stimolazione del TRH.<\/p>\n<p><strong>Iperadrenocorticismo (HAC)<\/strong><\/p>\n<p>L&#8217;iperadrenocorticismo pu\u00f2 essere spontaneo (associato a micro, macroadenomi ipofisari o neoplasia della ghiandola surrenale) o iatrogeno.<\/p>\n<p>Alti livelli di glucocorticoidi inattivano il ciclo follicolare, causano atrofia degli annessi, inibiscono la proliferazione dei fibroblasti e producono alterazioni nella cornificazione. Nel 90% dei casi si hanno manifestazioni cutanee: alopecia, atrofia cutanea (fig.4), comedoni, scarsa cicatrizzazione, distensione delle cicatrici, desquamazione, xerosi e predisposizione alle infezioni secondarie. La calcinosi cutanea non \u00e8 molto comune ma \u00e8 una lesione caratteristica dell&#8217;iperadrenocorticismo.<\/p>\n<p>Altri segni clinici includono polidipsia\/poliuria, dilatazione addominale, epatomegalia, atrofia muscolare, intolleranza all&#8217;esercizio, anestro e complicanze metaboliche: diabete mellito, ipertensione sistemica, disturbi delle vie urinarie, pancreatite acuta, disturbi al SNC e neuromuscolari e tromboembolismo polmonare.<\/p>\n<p>La diagnosi di HAC di solito richiede la combinazione di pi\u00f9 test:<\/p>\n<ul>\n<li>la biopsia cutanea &#8211; \u00e8 orientativa<\/li>\n<li>l&#8217;indice urinario di cortisolo\/creatinina \u00e8 untest di screening. Non \u00e8 diagnostico, ma valori medi con assenza di malattie renali escludono l&#8217;HAC con molta sicurezza<\/li>\n<li>test di stimolazione con ACTH<\/li>\n<li>test di soppressione con desametasone a basse dosi (0,01 mg\/kg EV). Valutare il cortisolo a T0 e dopo quattro e otto ore dopo la somministrazione<\/li>\n<li>test di soppressione con desametasone ad alte dosi (0,1 -0,5 -1 mg\/kg IV).<\/li>\n<li>ecografia delle ghiandole surrenali<\/li>\n<li>tomografia computerizzata &#8211; in caso di tumore ipofisario<\/li>\n<\/ul>\n<p><strong>Squilibrio degli ormoni sessuali.<\/strong> Il quadro clinico cutaneo \u00e8 causato da eccesso di estrogeni nei maschi a causa di tumori testicolari (fig.6), generalmente alle cellule del Sertoli, ma anche seminomi e tumori delle cellule interstiziali.<\/p>\n<p>Nelle femmine la causa possono essere le cisti ovariche e, meno frequentemente, una neoplasia ovarica. Pu\u00f2 essere causato da estrogeni esogeni, compresi quelli da penetrazione percutanea degli estrogeni utilizzati dai proprietari. L&#8217;alopecia bilaterale progressiva di solito inizia nella zona perigenitale, estendendosi all&#8217;addome, alle cosce, alle mammelle, ai fianchi e al collo.<\/p>\n<p>Sono comuni iperpigmentazione, lichenificazione, infezioni secondarie e pelle grassa con un cattivo odore. Altri segni clinici includono ginecomastia e capezzoli ingrossati; allargamento della vulva nelle femmine e nei maschi: prepuzio pendulo, eritema prepuziale lineare (fig. 5) e attrazione dell\u2019animale verso altri maschi. L&#8217;eccesso di estrogeni pu\u00f2 portare a aplasia ossea midollare irreversibile. La diagnosi di solito richiede ecografia e biopsia. Inoltre, possono essere determinati gli ormoni sessuali (profilo surrenale: 17 OH-progesterone, androstenedione, estradiolo).<\/p>\n<h2>Difetti genetici cengeniti o acquisiti<\/h2>\n<p><strong>L\u2019alopecia<\/strong> <strong>X<\/strong> \u00e8 prevalente nei Pomerania e in altre razze come Chow-chow, Samoiedo, Siberiano Husky e barboncini toy. C&#8217;\u00e8 un progressiva perdita di peli primari e successivamente secondari fino alla completa alopecia, a partire da collo, perineo o cosce caudali e con la progressione verso un\u2019alopecia completa del tronco, esclusa la testa e gli arti.<\/p>\n<p>La diagnosi si basa su una biopsia compatibile con test che escludono malattie endocrine. L\u2019alopecia X \u00e8 un processo estetico in un animale altrimenti sano, mentre un&#8217;endocrinopatia \u00e8 una malattia che pu\u00f2 avere gravi conseguenze per la salute dell\u2019animale.<\/p>\n<p>[\/vc_column_text][\/vc_column][vc_column width=&#8221;1\/3&#8243;][vc_column_text]<\/p>\n\n\t\t\t<style type='text\/css'>\n\t\t\t\t#gallery-1 {\n\t\t\t\t\tmargin: auto;\n\t\t\t\t}\n\t\t\t\t#gallery-1 .gallery-item {\n\t\t\t\t\tfloat: left;\n\t\t\t\t\tmargin-top: 10px;\n\t\t\t\t\ttext-align: center;\n\t\t\t\t\twidth: 100%;\n\t\t\t\t}\n\t\t\t\t#gallery-1 img {\n\t\t\t\t\tborder: 2px solid #cfcfcf;\n\t\t\t\t}\n\t\t\t\t#gallery-1 .gallery-caption {\n\t\t\t\t\tmargin-left: 0;\n\t\t\t\t}\n\t\t\t\t\/* see gallery_shortcode() in wp-includes\/media.php *\/\n\t\t\t<\/style>\n\t\t<div id='gallery-1' class='dt-gallery-container gallery galleryid-1457597 gallery-columns-1 gallery-size-large'><dl class='gallery-item'>\n\t\t\t\t<dt class='gallery-icon portrait'>\n\t\t\t\t\t<a class=\"rollover rollover-zoom dt-pswp-item\" title=\"\" data-dt-img-description=\"LABOKLIN aktuell Dermatology | &lt;b&gt;Fig. 1: &lt;\/b&gt; Alopecia congenita in un cane glabro.  &lt;br&gt;&lt;i&gt; Immagine: dott.ssa Carmen Lorente&lt;\/i&gt;\" data-large_image_width=\"335\" data-large_image_height=\"426\"href='https:\/\/laboklin.com\/wp-content\/uploads\/2023\/03\/1-1.jpg'><img loading=\"lazy\" decoding=\"async\" width=\"335\" height=\"426\" src=\"https:\/\/laboklin.com\/wp-content\/uploads\/2023\/03\/1-1.jpg\" class=\"attachment-large size-large\" alt=\"Laboklin: Alopecia congenita in un cane glabro\" aria-describedby=\"gallery-1-1457616\" srcset=\"https:\/\/laboklin.com\/wp-content\/uploads\/2023\/03\/1-1.jpg 335w, https:\/\/laboklin.com\/wp-content\/uploads\/2023\/03\/1-1-236x300.jpg 236w\" sizes=\"auto, (max-width: 335px) 100vw, 335px\" \/><\/a>\n\t\t\t\t<\/dt>\n\t\t\t\t\t<dd class='wp-caption-text gallery-caption' id='gallery-1-1457616'>\n\t\t\t\t\t<b>Fig. 1: <\/b> Alopecia congenita in un cane glabro.  <br><i> Immagine: dott.ssa Carmen Lorente<\/i>\n\t\t\t\t\t<\/dd><\/dl><br style=\"clear: both\" \/><dl class='gallery-item'>\n\t\t\t\t<dt class='gallery-icon portrait'>\n\t\t\t\t\t<a class=\"rollover rollover-zoom dt-pswp-item\" title=\"\" data-dt-img-description=\"LABOKLIN aktuell Dermatology | &lt;b&gt;Fig. 2: &lt;\/b&gt; Calvizie con alopecia ventrale, auricolare e preauricolare in un cane a pelo corto e liscio. &lt;br&gt;&lt;i&gt; Immagine: dott.ssa Carmen Lorente&lt;\/i&gt;\" data-large_image_width=\"339\" data-large_image_height=\"571\"href='https:\/\/laboklin.com\/wp-content\/uploads\/2023\/03\/2-1.jpg'><img loading=\"lazy\" decoding=\"async\" width=\"339\" height=\"571\" src=\"https:\/\/laboklin.com\/wp-content\/uploads\/2023\/03\/2-1.jpg\" class=\"attachment-large size-large\" alt=\"Laboklin: Calvizie con alopecia ventrale, auricolare e preauricolare in un cane a pelo corto e liscio.\" aria-describedby=\"gallery-1-1457633\" srcset=\"https:\/\/laboklin.com\/wp-content\/uploads\/2023\/03\/2-1.jpg 339w, https:\/\/laboklin.com\/wp-content\/uploads\/2023\/03\/2-1-178x300.jpg 178w\" sizes=\"auto, (max-width: 339px) 100vw, 339px\" \/><\/a>\n\t\t\t\t<\/dt>\n\t\t\t\t\t<dd class='wp-caption-text gallery-caption' id='gallery-1-1457633'>\n\t\t\t\t\t<b>Fig. 2: <\/b> Calvizie con alopecia ventrale, auricolare e preauricolare in un cane a pelo corto e liscio. <br><i> Immagine: dott.ssa Carmen Lorente<\/i>\n\t\t\t\t\t<\/dd><\/dl><br style=\"clear: both\" \/><dl class='gallery-item'>\n\t\t\t\t<dt class='gallery-icon portrait'>\n\t\t\t\t\t<a class=\"rollover rollover-zoom dt-pswp-item\" title=\"\" data-dt-img-description=\"LABOKLIN aktuell Dermatology | &lt;b&gt;Fig. 3: &lt;\/b&gt; Alopecia e pelo secco, opaco e lanoso in un Alaskan Malamute con tumori testicolari (seminomi). &lt;br&gt;&lt;i&gt; Immagine: dott.ssa Carmen Lorente&lt;\/i&gt;\" data-large_image_width=\"278\" data-large_image_height=\"372\"href='https:\/\/laboklin.com\/wp-content\/uploads\/2023\/03\/3-1.jpg'><img loading=\"lazy\" decoding=\"async\" width=\"278\" height=\"372\" src=\"https:\/\/laboklin.com\/wp-content\/uploads\/2023\/03\/3-1.jpg\" class=\"attachment-large size-large\" alt=\"Laboklin: Alopecia e pelo secco, opaco e lanoso in un Alaskan Malamute con tumori testicolari (seminomi).\" aria-describedby=\"gallery-1-1457650\" srcset=\"https:\/\/laboklin.com\/wp-content\/uploads\/2023\/03\/3-1.jpg 278w, https:\/\/laboklin.com\/wp-content\/uploads\/2023\/03\/3-1-224x300.jpg 224w\" sizes=\"auto, (max-width: 278px) 100vw, 278px\" \/><\/a>\n\t\t\t\t<\/dt>\n\t\t\t\t\t<dd class='wp-caption-text gallery-caption' id='gallery-1-1457650'>\n\t\t\t\t\t<b>Fig. 3: <\/b> Alopecia e pelo secco, opaco e lanoso in un Alaskan Malamute con tumori testicolari (seminomi). <br><i> Immagine: dott.ssa Carmen Lorente<\/i>\n\t\t\t\t\t<\/dd><\/dl><br style=\"clear: both\" \/><dl class='gallery-item'>\n\t\t\t\t<dt class='gallery-icon landscape'>\n\t\t\t\t\t<a class=\"rollover rollover-zoom dt-pswp-item\" title=\"\" data-dt-img-description=\"LABOKLIN aktuell Dermatology | &lt;b&gt;Fig. 4: &lt;\/b&gt; Alopecia e atrofia cutanea in un cane con HAC. Si possono osservare pelle secca e sottile come carta da sigaretta e visualizzazione dei vasi sanguigni. &lt;br&gt;&lt;i&gt; Immagine: dott.ssa Carmen Lorente&lt;\/i&gt;\" data-large_image_width=\"277\" data-large_image_height=\"208\"href='https:\/\/laboklin.com\/wp-content\/uploads\/2023\/03\/4-1.jpg'><img loading=\"lazy\" decoding=\"async\" width=\"277\" height=\"208\" src=\"https:\/\/laboklin.com\/wp-content\/uploads\/2023\/03\/4-1.jpg\" class=\"attachment-large size-large\" alt=\"Laboklin: Alopecia e atrofia cutanea in un cane con HAC. Si possono osservare pelle secca e sottile come carta da sigaretta e visualizzazione dei vasi sanguigni.\" aria-describedby=\"gallery-1-1457667\" \/><\/a>\n\t\t\t\t<\/dt>\n\t\t\t\t\t<dd class='wp-caption-text gallery-caption' id='gallery-1-1457667'>\n\t\t\t\t\t<b>Fig. 4: <\/b> Alopecia e atrofia cutanea in un cane con HAC. Si possono osservare pelle secca e sottile come carta da sigaretta e visualizzazione dei vasi sanguigni. <br><i> Immagine: dott.ssa Carmen Lorente<\/i>\n\t\t\t\t\t<\/dd><\/dl><br style=\"clear: both\" \/><dl class='gallery-item'>\n\t\t\t\t<dt class='gallery-icon landscape'>\n\t\t\t\t\t<a class=\"rollover rollover-zoom dt-pswp-item\" title=\"\" data-dt-img-description=\"LABOKLIN aktuell Dermatology | &lt;b&gt;Fig. 5 e 6: &lt;\/b&gt; Eritema prepuziale lineare in un cane con tumori testicolari  bilaterali. I cerchi rossi racchiudono il tessuto neoplastico e la freccia blu  indica il tessuto normale. \u00c8 necessaria una biopsia per identificare il tipo  di neoplasia. &lt;br&gt;&lt;i&gt; Immagine: dott.ssa Carmen Lorente&lt;\/i&gt;\" data-large_image_width=\"273\" data-large_image_height=\"214\"href='https:\/\/laboklin.com\/wp-content\/uploads\/2023\/03\/5-1.jpg'><img loading=\"lazy\" decoding=\"async\" width=\"273\" height=\"214\" src=\"https:\/\/laboklin.com\/wp-content\/uploads\/2023\/03\/5-1.jpg\" class=\"attachment-large size-large\" alt=\"\" aria-describedby=\"gallery-1-1457684\" \/><\/a>\n\t\t\t\t<\/dt>\n\t\t\t\t\t<dd class='wp-caption-text gallery-caption' id='gallery-1-1457684'>\n\t\t\t\t\t<b>Fig. 5 e 6: <\/b> Eritema prepuziale lineare in un cane con tumori testicolari  bilaterali. I cerchi rossi racchiudono il tessuto neoplastico e la freccia blu  indica il tessuto normale. \u00c8 necessaria una biopsia per identificare il tipo  di neoplasia. <br><i> Immagine: dott.ssa Carmen Lorente<\/i>\n\t\t\t\t\t<\/dd><\/dl><br style=\"clear: both\" \/><dl class='gallery-item'>\n\t\t\t\t<dt class='gallery-icon landscape'>\n\t\t\t\t\t<a class=\"rollover rollover-zoom dt-pswp-item\" title=\"\" data-dt-img-description=\"LABOKLIN aktuell Dermatology | &lt;b&gt;Fig. 5 e 6: &lt;\/b&gt; Eritema prepuziale lineare in un cane con tumori testicolari  bilaterali. I cerchi rossi racchiudono il tessuto neoplastico e la freccia blu  indica il tessuto normale. \u00c8 necessaria una biopsia per identificare il tipo  di neoplasia. &lt;br&gt;&lt;i&gt; Immagine: dott.ssa Carmen Lorente&lt;\/i&gt;\" data-large_image_width=\"333\" data-large_image_height=\"199\"href='https:\/\/laboklin.com\/wp-content\/uploads\/2023\/03\/6-1.jpg'><img loading=\"lazy\" decoding=\"async\" width=\"333\" height=\"199\" src=\"https:\/\/laboklin.com\/wp-content\/uploads\/2023\/03\/6-1.jpg\" class=\"attachment-large size-large\" alt=\"Laboklin: Eritema prepuziale lineare in un cane con tumori testicolari bilaterali\" aria-describedby=\"gallery-1-1457701\" srcset=\"https:\/\/laboklin.com\/wp-content\/uploads\/2023\/03\/6-1.jpg 333w, https:\/\/laboklin.com\/wp-content\/uploads\/2023\/03\/6-1-300x179.jpg 300w\" sizes=\"auto, (max-width: 333px) 100vw, 333px\" \/><\/a>\n\t\t\t\t<\/dt>\n\t\t\t\t\t<dd class='wp-caption-text gallery-caption' id='gallery-1-1457701'>\n\t\t\t\t\t<b>Fig. 5 e 6: <\/b> Eritema prepuziale lineare in un cane con tumori testicolari  bilaterali. I cerchi rossi racchiudono il tessuto neoplastico e la freccia blu  indica il tessuto normale. \u00c8 necessaria una biopsia per identificare il tipo  di neoplasia. <br><i> Immagine: dott.ssa Carmen Lorente<\/i>\n\t\t\t\t\t<\/dd><\/dl><br style=\"clear: both\" \/><dl class='gallery-item'>\n\t\t\t\t<dt class='gallery-icon portrait'>\n\t\t\t\t\t<a class=\"rollover rollover-zoom dt-pswp-item\" title=\"\" data-dt-img-description=\"LABOKLIN aktuell Dermatology | &lt;b&gt;Fig. 7: &lt;\/b&gt; Displasia follicolare in un cane da acqua spagnolo. Esistono displasie follicolari specifiche della razza con un pattern di distribuzione caratteristico dell&#039;alopecia. &lt;br&gt;&lt;i&gt; Immagine: dott.ssa Carmen Lorente&lt;\/i&gt;\" data-large_image_width=\"296\" data-large_image_height=\"299\"href='https:\/\/laboklin.com\/wp-content\/uploads\/2023\/03\/7-1.jpg'><img loading=\"lazy\" decoding=\"async\" width=\"296\" height=\"299\" src=\"https:\/\/laboklin.com\/wp-content\/uploads\/2023\/03\/7-1.jpg\" class=\"attachment-large size-large\" alt=\"Laboklin: Displasia follicolare in un cane da acqua spagnolo. Esistono displasie follicolari specifiche della razza con un pattern di distribuzione caratteristico dell&#039;alopecia.\" aria-describedby=\"gallery-1-1457718\" \/><\/a>\n\t\t\t\t<\/dt>\n\t\t\t\t\t<dd class='wp-caption-text gallery-caption' id='gallery-1-1457718'>\n\t\t\t\t\t<b>Fig. 7: <\/b> Displasia follicolare in un cane da acqua spagnolo. Esistono displasie follicolari specifiche della razza con un pattern di distribuzione caratteristico dell&#8217;alopecia. <br><i>Immagine: dott.ssa Carmen Lorente<\/i>\n\t\t\t\t\t<\/dd><\/dl><br style=\"clear: both\" \/>\n\t\t\t<\/div>\n\n<p>[\/vc_column_text][\/vc_column][\/vc_row][vc_row][vc_column css=&#8221;.vc_custom_1702023083900{margin-top: 10px !important;}&#8221;][vc_column_text]<strong>L&#8217;alopecia o ipotricosi congenita<\/strong> produce assenza di peli alla nascita o nei primi mesi di vita. Esistono razze selezionate con alopecia congenita, per esempio Chinese Crested (fig.1).<\/p>\n<p><strong>Alopecia a pattern<br \/>\n<\/strong>Le razze predisposte hanno standard di pelo sottile (bassotto, chihuahua, whippet, levriero). L\u2019alopecia \u00e8 dovuta alla miniaturizzazione dei peli. Di solito inizia prima dell&#8217;anno di et\u00e0 e progredisce fino a una alopecia in un&#8217;area specifica (pinne auricolari, area ventrale di collo, petto e tronco, zona caudale delle cosce) a seconda della razza colpita (fig.2). Una biopsia conferma la diagnosi.<\/p>\n<p><strong>Alopecia del fianco ciclica, ricorrente o stagionale<\/strong>. Le razze predisposte sono Bulldog inglese e francese, Miniature Schnauzer, Airdale Terrier, Doberman. C&#8217;\u00e8 un&#8217;alterazione della qualit\u00e0 del mantello e caduta dei peli (localizzata principalmente sui fianchi), che di solito inizia nel tardo autunno o all&#8217;inizio della primavera, si risolve parzialmente o interamente in pochi mesi e ritorna nelle stagioni seguenti. Nel tempo l&#8217;alopecia diventa generalmente permanente. La diagnosi pu\u00f2 richiedere una biopsia con esclusione di possibili malattie endocrine.<\/p>\n<p><strong>Displasie follicolari (fig.7) <\/strong><br \/>\n<strong>Displasia follicolare associata al colore del mantello<\/strong><\/p>\n<p>\u00c8 la conseguenza di uno scarso trasferimento di melanina con la formazione di grossi aggregati di melanina che deformano il fusto del pelo e alla fine lo rompono. L&#8217;alopecia \u00e8 inizialmente parziale e diffusa, dando al mantello un aspetto come di \u201cmangiato dalle tarme\u201d e poi nel tempo pu\u00f2 diventare completa. A seconda del colore del mantello viene chiamata:<\/p>\n<ul>\n<li><strong>alopecia con diluizione del colore:<\/strong> colpisce gli animali con colore diluito (grigio-blu, Isabella o marrone diluito).<\/li>\n<li><strong>displasia follicolare del mantello nero (BHFD):<\/strong> colpisce esclusivamente i mantelli neri, con evidente alopecia circoscritta ad aree nere.<\/li>\n<\/ul>\n<p>La tricografia mostra la presenza di grandi melanosomi che distorcono e fratturano il fusto del capello. La biopsia \u00e8 diagnostica.<\/p>\n<h3>Alopecia clinicamente non infiammatoria causata da un processo infiammatorio<\/h3>\n<p><strong>Alopecia areata.<\/strong> I bulbi follicolari vengono attaccati dai linfociti, portando alla loro distruzione e alla conseguente alopecia. Clinicamente si osserva alopecia non infiammatoria focale, regionale, multifocale o raramente generale. I peli possono o non possono ricrescere e, se lo fanno, di solito diventano bianco. La diagnosi richiede una biopsia.<\/p>\n<p><strong>Pannicolite vaccinale o post-iniezione.<\/strong> Alopecia circoscritta associata al sito di inoculazione di un vaccino (principalmente la rabbia) o di una iniezione. Pu\u00f2 comparire alopecia non infiammatoria o questa pu\u00f2 essere accompagnata da un&#8217;altra lesione (nodulo, ulcera, secrezione oleosa). La diagnosi richiede la biopsia.<\/p>\n<p><strong>Alopecia cicatriziale.<\/strong> Associata a traumi o a guarigione da una grave e profonda infiammazione. L&#8217;anamnesi e l&#8217;esame dermatologico possono diagnosticare il processo. Una biopsia \u00e8 un test complementare per la diagnosi.<\/p>\n<p><strong>Alopecia da trazione.<\/strong> Alopecia circoscritta, associata a ischemia dovuta a elastici o fissaggio di ornamenti. Di solito si traduce in un difetto estetico permanente. La storia e l\u2019esame dermatologico possono diagnosticare il processo. Una biopsia conferma la diagnosi.<\/p>\n<p style=\"text-align: right;\"><strong>Dott.ssa Carmen Lorente, DVM, PhD, DipECVD<\/strong><\/p>\n<p>[\/vc_column_text][\/vc_column][\/vc_row][vc_row type=&#8221;vc_default&#8221; gap=&#8221;10&#8243; equal_height=&#8221;yes&#8221; content_placement=&#8221;middle&#8221; css=&#8221;.vc_custom_1702023034669{margin-top: 30px !important;}&#8221;][vc_column width=&#8221;1\/6&#8243; css=&#8221;.vc_custom_1725868435752{background-color: #e7e7e7 !important;}&#8221;][vc_icon icon_fontawesome=&#8221;fas fa-file-pdf&#8221; color=&#8221;custom&#8221; size=&#8221;xl&#8221; align=&#8221;center&#8221; css=&#8221;.vc_custom_1725868447635{margin-top: 10px !important;margin-bottom: 10px !important;padding-top: 20px !important;padding-bottom: 20px !important;}&#8221; custom_color=&#8221;#e51e1e&#8221; link=&#8221;url:https%3A%2F%2Flaboklin.com%2Fwp-content%2Fuploads%2F2023%2F03%2F2022_10_Diagnosi-differenziale-di-alopecia-non-infiammatoria-nel-cane.pdf|title:LABOKLIN%20aktuell%20june%202022|target:_blank&#8221;][\/vc_column][vc_column width=&#8221;5\/6&#8243; css=&#8221;.vc_custom_1725868459088{background-color: #e7e7e7 !important;}&#8221;][vc_column_text css=&#8221;.vc_custom_1725868469073{margin-top: 10px !important;margin-bottom: 10px !important;padding-top: 20px !important;padding-bottom: 20px !important;}&#8221;]<a href=\"https:\/\/laboklin.com\/wp-content\/uploads\/2023\/03\/2022_10_Diagnosi-differenziale-di-alopecia-non-infiammatoria-nel-cane.pdf\" target=\"_blank\" rel=\"noopener\"><strong>Diagnosi differenziale di alopecia non infiammatoria nel cane<\/strong><\/a>[\/vc_column_text][\/vc_column][\/vc_row]<\/p>\n<\/div>","protected":false},"excerpt":{"rendered":"<p>Clinicamente, l&#8217;alopecia non infiammatoria \u00e8 l\u2019assenza di pelo senza altre lesioni cutanee.<\/p>\n","protected":false},"author":29,"featured_media":1457616,"comment_status":"closed","ping_status":"closed","sticky":false,"template":"","format":"standard","meta":{"_seopress_robots_primary_cat":"none","_seopress_titles_title":"Diagnosi differenziale di alopecia non infiammatoria nel cane","_seopress_titles_desc":"%%post_excerpt%%","_seopress_robots_index":"","footnotes":""},"categories":[462],"tags":[],"table_tags":[],"class_list":["post-1457597","post","type-post","status-publish","format-standard","has-post-thumbnail","hentry","category-aggiornamenti-laboklin-dermatologia","category-462","description-off"],"_links":{"self":[{"href":"https:\/\/laboklin.com\/it\/wp-json\/wp\/v2\/posts\/1457597","targetHints":{"allow":["GET"]}}],"collection":[{"href":"https:\/\/laboklin.com\/it\/wp-json\/wp\/v2\/posts"}],"about":[{"href":"https:\/\/laboklin.com\/it\/wp-json\/wp\/v2\/types\/post"}],"author":[{"embeddable":true,"href":"https:\/\/laboklin.com\/it\/wp-json\/wp\/v2\/users\/29"}],"replies":[{"embeddable":true,"href":"https:\/\/laboklin.com\/it\/wp-json\/wp\/v2\/comments?post=1457597"}],"version-history":[{"count":12,"href":"https:\/\/laboklin.com\/it\/wp-json\/wp\/v2\/posts\/1457597\/revisions"}],"predecessor-version":[{"id":1518382,"href":"https:\/\/laboklin.com\/it\/wp-json\/wp\/v2\/posts\/1457597\/revisions\/1518382"}],"wp:featuredmedia":[{"embeddable":true,"href":"https:\/\/laboklin.com\/it\/wp-json\/wp\/v2\/media\/1457616"}],"wp:attachment":[{"href":"https:\/\/laboklin.com\/it\/wp-json\/wp\/v2\/media?parent=1457597"}],"wp:term":[{"taxonomy":"category","embeddable":true,"href":"https:\/\/laboklin.com\/it\/wp-json\/wp\/v2\/categories?post=1457597"},{"taxonomy":"post_tag","embeddable":true,"href":"https:\/\/laboklin.com\/it\/wp-json\/wp\/v2\/tags?post=1457597"},{"taxonomy":"table_tags","embeddable":true,"href":"https:\/\/laboklin.com\/it\/wp-json\/wp\/v2\/table_tags?post=1457597"}],"curies":[{"name":"wp","href":"https:\/\/api.w.org\/{rel}","templated":true}]}}